{"id":7248,"date":"2025-01-29T16:02:07","date_gmt":"2025-01-29T15:02:07","guid":{"rendered":"https:\/\/anny-klawa-morf.ch\/?p=7248"},"modified":"2025-01-29T16:15:06","modified_gmt":"2025-01-29T15:15:06","slug":"deux-nouvelles-membres-au-conseil-de-fondation","status":"publish","type":"post","link":"https:\/\/anny-klawa-morf.ch\/fr\/deux-nouvelles-membres-au-conseil-de-fondation\/","title":{"rendered":"Deux nouvelles membres au conseil de fondation"},"content":{"rendered":"\n<p><font _mstmutation=\"1\"><\/font>2025 s\u2019annonce pleine de nouveaut\u00e9s, et des changements ont d\u00e9j\u00e0 lieu au sein de notre conseil de fondation. <br>Nous avons le plaisir d\u2019accueillir deux nouvelles membres : Nadine Stampfli et Susanne Oberholzer. <br>Parall\u00e8lement, nous faisons nos adieux \u00e0 Jakob Tanner, un membre de longue date dont l\u2019engagement et le m\u00e9rite sont inestimables. <br>Nous nous r\u00e9jouissons d\u2019accueillir ces nouveaux membres et adressons nos plus sinc\u00e8res remerciements \u00e0 Jakob Tanner pour son travail pr\u00e9cieux et intensif au cours de ces derni\u00e8res ann\u00e9es !<\/p>\n\n\n\n<figure class=\"wp-block-image size-large\"><img loading=\"lazy\" decoding=\"async\" width=\"1024\" height=\"1024\" src=\"https:\/\/anny-klawa-morf.ch\/wp-content\/uploads\/2025\/01\/SoMeWeb_Stiftungsrat-neue-Mitgleider_29.01.25-8-1024x1024.png\" alt=\"\" class=\"wp-image-7250\" srcset=\"https:\/\/anny-klawa-morf.ch\/wp-content\/uploads\/2025\/01\/SoMeWeb_Stiftungsrat-neue-Mitgleider_29.01.25-8-1024x1024.png 1024w, https:\/\/anny-klawa-morf.ch\/wp-content\/uploads\/2025\/01\/SoMeWeb_Stiftungsrat-neue-Mitgleider_29.01.25-8-300x300.png 300w, https:\/\/anny-klawa-morf.ch\/wp-content\/uploads\/2025\/01\/SoMeWeb_Stiftungsrat-neue-Mitgleider_29.01.25-8-150x150.png 150w, https:\/\/anny-klawa-morf.ch\/wp-content\/uploads\/2025\/01\/SoMeWeb_Stiftungsrat-neue-Mitgleider_29.01.25-8-768x768.png 768w, https:\/\/anny-klawa-morf.ch\/wp-content\/uploads\/2025\/01\/SoMeWeb_Stiftungsrat-neue-Mitgleider_29.01.25-8-50x50.png 50w, https:\/\/anny-klawa-morf.ch\/wp-content\/uploads\/2025\/01\/SoMeWeb_Stiftungsrat-neue-Mitgleider_29.01.25-8.png 1080w\" sizes=\"auto, (max-width: 1024px) 100vw, 1024px\" \/><\/figure>\n","protected":false},"excerpt":{"rendered":"<p>2025 s\u2019annonce pleine de nouveaut\u00e9s, et des changements ont d\u00e9j\u00e0 lieu au sein de notre conseil de fondation. Nous avons le plaisir d\u2019accueillir deux nouvelles membres : Nadine Stampfli et Susanne Oberholzer. Parall\u00e8lement, nous faisons nos adieux \u00e0 Jakob Tanner, un membre de longue date dont l\u2019engagement et le m\u00e9rite sont inestimables. Nous nous r\u00e9jouissons [&hellip;]<\/p>\n","protected":false},"author":6,"featured_media":0,"comment_status":"open","ping_status":"open","sticky":false,"template":"","format":"standard","meta":{"footnotes":""},"categories":[2],"tags":[],"class_list":["post-7248","post","type-post","status-publish","format-standard","hentry","category-non-classifiee"],"aioseo_notices":[],"_links":{"self":[{"href":"https:\/\/anny-klawa-morf.ch\/fr\/wp-json\/wp\/v2\/posts\/7248","targetHints":{"allow":["GET"]}}],"collection":[{"href":"https:\/\/anny-klawa-morf.ch\/fr\/wp-json\/wp\/v2\/posts"}],"about":[{"href":"https:\/\/anny-klawa-morf.ch\/fr\/wp-json\/wp\/v2\/types\/post"}],"author":[{"embeddable":true,"href":"https:\/\/anny-klawa-morf.ch\/fr\/wp-json\/wp\/v2\/users\/6"}],"replies":[{"embeddable":true,"href":"https:\/\/anny-klawa-morf.ch\/fr\/wp-json\/wp\/v2\/comments?post=7248"}],"version-history":[{"count":5,"href":"https:\/\/anny-klawa-morf.ch\/fr\/wp-json\/wp\/v2\/posts\/7248\/revisions"}],"predecessor-version":[{"id":7282,"href":"https:\/\/anny-klawa-morf.ch\/fr\/wp-json\/wp\/v2\/posts\/7248\/revisions\/7282"}],"wp:attachment":[{"href":"https:\/\/anny-klawa-morf.ch\/fr\/wp-json\/wp\/v2\/media?parent=7248"}],"wp:term":[{"taxonomy":"category","embeddable":true,"href":"https:\/\/anny-klawa-morf.ch\/fr\/wp-json\/wp\/v2\/categories?post=7248"},{"taxonomy":"post_tag","embeddable":true,"href":"https:\/\/anny-klawa-morf.ch\/fr\/wp-json\/wp\/v2\/tags?post=7248"}],"curies":[{"name":"wp","href":"https:\/\/api.w.org\/{rel}","templated":true}]}}