{"id":5055,"date":"2022-10-31T14:02:46","date_gmt":"2022-10-31T13:02:46","guid":{"rendered":"https:\/\/anny-klawa-morf.ch\/?p=5055"},"modified":"2023-01-02T17:31:55","modified_gmt":"2023-01-02T16:31:55","slug":"retrospective-cafe-europeen-droits-des-femmes-le-grand-recul","status":"publish","type":"post","link":"https:\/\/anny-klawa-morf.ch\/fr\/retrospective-cafe-europeen-droits-des-femmes-le-grand-recul\/","title":{"rendered":"R\u00e9trospective &#8211; Caf\u00e9 europ\u00e9en \u00ab\u00a0Droits des femmes : le grand recul ?\u00a0\u00bb"},"content":{"rendered":"\n<ul class=\"wp-block-gallery columns-3 is-cropped wp-block-gallery-1 is-layout-flex wp-block-gallery-is-layout-flex\"><li class=\"blocks-gallery-item\"><figure><img loading=\"lazy\" decoding=\"async\" width=\"1024\" height=\"683\" src=\"https:\/\/anny-klawa-morf.ch\/wp-content\/uploads\/2022\/10\/IMG_6399-1024x683.jpg\" alt=\"\" data-id=\"5061\" data-link=\"https:\/\/anny-klawa-morf.ch\/fr\/?attachment_id=5061\" class=\"wp-image-5061\" srcset=\"https:\/\/anny-klawa-morf.ch\/wp-content\/uploads\/2022\/10\/IMG_6399-1024x683.jpg 1024w, https:\/\/anny-klawa-morf.ch\/wp-content\/uploads\/2022\/10\/IMG_6399-300x200.jpg 300w, https:\/\/anny-klawa-morf.ch\/wp-content\/uploads\/2022\/10\/IMG_6399-768x512.jpg 768w\" sizes=\"auto, (max-width: 1024px) 100vw, 1024px\" \/><\/figure><\/li><li class=\"blocks-gallery-item\"><figure><img loading=\"lazy\" decoding=\"async\" width=\"1024\" height=\"592\" src=\"https:\/\/anny-klawa-morf.ch\/wp-content\/uploads\/2022\/10\/IMG_6427-1024x592.jpg\" alt=\"\" data-id=\"5064\" data-link=\"https:\/\/anny-klawa-morf.ch\/fr\/?attachment_id=5064\" class=\"wp-image-5064\" srcset=\"https:\/\/anny-klawa-morf.ch\/wp-content\/uploads\/2022\/10\/IMG_6427-1024x592.jpg 1024w, https:\/\/anny-klawa-morf.ch\/wp-content\/uploads\/2022\/10\/IMG_6427-300x173.jpg 300w, https:\/\/anny-klawa-morf.ch\/wp-content\/uploads\/2022\/10\/IMG_6427-768x444.jpg 768w\" sizes=\"auto, (max-width: 1024px) 100vw, 1024px\" \/><\/figure><\/li><li class=\"blocks-gallery-item\"><figure><img loading=\"lazy\" decoding=\"async\" width=\"1024\" height=\"598\" src=\"https:\/\/anny-klawa-morf.ch\/wp-content\/uploads\/2022\/10\/IMG_6436-1024x598.jpg\" alt=\"\" data-id=\"5067\" data-link=\"https:\/\/anny-klawa-morf.ch\/fr\/?attachment_id=5067\" class=\"wp-image-5067\" srcset=\"https:\/\/anny-klawa-morf.ch\/wp-content\/uploads\/2022\/10\/IMG_6436-1024x598.jpg 1024w, https:\/\/anny-klawa-morf.ch\/wp-content\/uploads\/2022\/10\/IMG_6436-300x175.jpg 300w, https:\/\/anny-klawa-morf.ch\/wp-content\/uploads\/2022\/10\/IMG_6436-768x449.jpg 768w\" sizes=\"auto, (max-width: 1024px) 100vw, 1024px\" \/><\/figure><\/li><li class=\"blocks-gallery-item\"><figure><img loading=\"lazy\" decoding=\"async\" width=\"784\" height=\"1024\" src=\"https:\/\/anny-klawa-morf.ch\/wp-content\/uploads\/2022\/10\/IMG_6406-784x1024.jpg\" alt=\"\" data-id=\"5083\" data-link=\"https:\/\/anny-klawa-morf.ch\/fr\/?attachment_id=5083\" class=\"wp-image-5083\" srcset=\"https:\/\/anny-klawa-morf.ch\/wp-content\/uploads\/2022\/10\/IMG_6406-784x1024.jpg 784w, https:\/\/anny-klawa-morf.ch\/wp-content\/uploads\/2022\/10\/IMG_6406-230x300.jpg 230w, https:\/\/anny-klawa-morf.ch\/wp-content\/uploads\/2022\/10\/IMG_6406-768x1003.jpg 768w\" sizes=\"auto, (max-width: 784px) 100vw, 784px\" \/><\/figure><\/li><li class=\"blocks-gallery-item\"><figure><img loading=\"lazy\" decoding=\"async\" width=\"768\" height=\"1024\" src=\"https:\/\/anny-klawa-morf.ch\/wp-content\/uploads\/2022\/10\/PXL_20220927_160653978-768x1024.jpg\" alt=\"\" data-id=\"5109\" data-link=\"https:\/\/anny-klawa-morf.ch\/fr\/retrospective-cafe-europeen-droits-des-femmes-le-grand-recul\/pxl_20220927_160653978\/\" class=\"wp-image-5109\" srcset=\"https:\/\/anny-klawa-morf.ch\/wp-content\/uploads\/2022\/10\/PXL_20220927_160653978-768x1024.jpg 768w, https:\/\/anny-klawa-morf.ch\/wp-content\/uploads\/2022\/10\/PXL_20220927_160653978-225x300.jpg 225w, https:\/\/anny-klawa-morf.ch\/wp-content\/uploads\/2022\/10\/PXL_20220927_160653978.jpg 1944w\" sizes=\"auto, (max-width: 768px) 100vw, 768px\" \/><\/figure><\/li><li class=\"blocks-gallery-item\"><figure><img loading=\"lazy\" decoding=\"async\" width=\"683\" height=\"1024\" src=\"https:\/\/anny-klawa-morf.ch\/wp-content\/uploads\/2022\/10\/IMG_6478-2-683x1024.jpg\" alt=\"\" data-id=\"5112\" data-link=\"https:\/\/anny-klawa-morf.ch\/fr\/retrospective-cafe-europeen-droits-des-femmes-le-grand-recul\/img_6478-2\/\" class=\"wp-image-5112\" srcset=\"https:\/\/anny-klawa-morf.ch\/wp-content\/uploads\/2022\/10\/IMG_6478-2-683x1024.jpg 683w, https:\/\/anny-klawa-morf.ch\/wp-content\/uploads\/2022\/10\/IMG_6478-2-200x300.jpg 200w, https:\/\/anny-klawa-morf.ch\/wp-content\/uploads\/2022\/10\/IMG_6478-2-768x1152.jpg 768w\" sizes=\"auto, (max-width: 683px) 100vw, 683px\" \/><\/figure><\/li><\/ul>\n","protected":false},"excerpt":{"rendered":"","protected":false},"author":6,"featured_media":0,"comment_status":"open","ping_status":"open","sticky":false,"template":"","format":"standard","meta":{"footnotes":""},"categories":[22],"tags":[],"class_list":["post-5055","post","type-post","status-publish","format-standard","hentry","category-gegenwart-verstehen-fr"],"aioseo_notices":[],"_links":{"self":[{"href":"https:\/\/anny-klawa-morf.ch\/fr\/wp-json\/wp\/v2\/posts\/5055","targetHints":{"allow":["GET"]}}],"collection":[{"href":"https:\/\/anny-klawa-morf.ch\/fr\/wp-json\/wp\/v2\/posts"}],"about":[{"href":"https:\/\/anny-klawa-morf.ch\/fr\/wp-json\/wp\/v2\/types\/post"}],"author":[{"embeddable":true,"href":"https:\/\/anny-klawa-morf.ch\/fr\/wp-json\/wp\/v2\/users\/6"}],"replies":[{"embeddable":true,"href":"https:\/\/anny-klawa-morf.ch\/fr\/wp-json\/wp\/v2\/comments?post=5055"}],"version-history":[{"count":18,"href":"https:\/\/anny-klawa-morf.ch\/fr\/wp-json\/wp\/v2\/posts\/5055\/revisions"}],"predecessor-version":[{"id":5116,"href":"https:\/\/anny-klawa-morf.ch\/fr\/wp-json\/wp\/v2\/posts\/5055\/revisions\/5116"}],"wp:attachment":[{"href":"https:\/\/anny-klawa-morf.ch\/fr\/wp-json\/wp\/v2\/media?parent=5055"}],"wp:term":[{"taxonomy":"category","embeddable":true,"href":"https:\/\/anny-klawa-morf.ch\/fr\/wp-json\/wp\/v2\/categories?post=5055"},{"taxonomy":"post_tag","embeddable":true,"href":"https:\/\/anny-klawa-morf.ch\/fr\/wp-json\/wp\/v2\/tags?post=5055"}],"curies":[{"name":"wp","href":"https:\/\/api.w.org\/{rel}","templated":true}]}}